{"id":5991,"date":"2020-06-15T00:01:00","date_gmt":"2020-06-15T07:01:00","guid":{"rendered":"https:\/\/www.frasa.com.mx\/?p=38"},"modified":"2020-06-15T00:01:00","modified_gmt":"2020-06-15T07:01:00","slug":"jardines-verticales-muros-verdes-llenos-de-vida","status":"publish","type":"post","link":"https:\/\/www.frasa.com.mx\/en\/arquitectura\/jardines-verticales-muros-verdes-llenos-de-vida\/","title":{"rendered":"Jardines verticales: muros verdes llenos de vida"},"content":{"rendered":"<p>En muchos pa\u00edses industrializados, se ha dado la tendencia de emplear jardines verticales en sus paisajes urbanos, no s\u00f3lo con fines est\u00e9ticos sino por los m\u00faltiples beneficios que estos traen para el ambiente y las personas.<\/p>\n\n\n\n<h2 class=\"wp-block-heading\" id=\"que-son-los-jardines-verticales\"><strong>\u00bfQU\u00c9 SON?<\/strong><\/h2>\n\n\n\n<p>Los jardines verticales, tambi\u00e9n llamados muros verdes o fachadas vegetales son instalaciones cubiertas de plantas de diversas especies, cultivadas en una estructura especial que da la apariencia de un jard\u00edn, pero en vertical.<\/p>\n\n\n\n<p>Esta vegetaci\u00f3n crece sin ning\u00fan tipo de suelo, como las ep\u00edfitas, el musgo, los l\u00edquenes, las orqu\u00eddeas, los helechos y las bromelias. Tambi\u00e9n se les conoce como plantas a\u00e9reas y utilizan de soporte a otras especies en lugar de enraizar al suelo, es por eso que son las ideales para estas estructuras.<\/p>\n\n\n\n<p>Estos espacios se conocen desde hace a\u00f1os y son una soluci\u00f3n a la contaminaci\u00f3n atmosf\u00e9rica de las ciudades, de manera que es una t\u00e9cnica que combina perfectamente la vegetaci\u00f3n con la arquitectura para mejorar la calidad de vida de las personas, todo de una manera eco amigable y aprovechando al m\u00e1ximo el recurso m\u00e1s escaso en las grandes urbes, el espacio.<\/p>\n\n\n\n<h2 class=\"wp-block-heading\" id=\"tipos-de-jardines-verticales\"><strong>TIPOS DE JARDINES VERTICALES<\/strong><\/h2>\n\n\n\n<p>Actualmente el n\u00famero de tipos de jardines verticales cada vez es mayor pues se han venido actualizando las t\u00e9cnicas y m\u00e9todos para desarrollarlos y adaptarlos al paisajismo urbano. A continuaci\u00f3n, se explican cada uno de ellos:<\/p>\n\n\n\n<h3 class=\"wp-block-heading\" id=\"jardines-verticales-exteriores\"><strong>Exteriores<\/strong><\/h3>\n\n\n\n<p>Se muestran como muros vegetales que ayudan a mejorar la calidad del aire, favorecen la biodiversidad y controlan la temperatura del interior de la construcci\u00f3n.<\/p>\n\n\n\n<h3 class=\"wp-block-heading\" id=\"jardines-verticales-interiores\"><strong>Interiores<\/strong><\/h3>\n\n\n\n<p>Son cuadros o muros vegetales ideales para lugares sin mucho espacio, como oficinas o departamentos.<\/p>\n\n\n\n<h3 class=\"wp-block-heading\" id=\"jardines-verticales-artificiales\"><strong>Artificiales<\/strong><\/h3>\n\n\n\n<p>Estos son perfectos para personas que no disponen de mucho tiempo para el cuidado de plantas. Se pueden colocar en el interior o en el exterior de una construcci\u00f3n y son igual de vistosos que los naturales, pero no ofrecen las mismas ventajas.<\/p>\n\n\n\n<h2 class=\"wp-block-heading\" id=\"beneficios-de-los-jardines-verticales\"><strong>BENEFICIOS DE LOS MUROS VERDES<\/strong><\/h2>\n\n\n\n<p>Diversos estudios han comprobado los <a href=\"https:\/\/www.frasa.com.mx\/en\/los-muros-verdes-una-opcion-sustentable-para-los-desarrollos-inmobiliarios-de-frasa\/\">efectos positivos<\/a> de estas estructuras, algunos de ellos son los siguientes:<\/p>\n\n\n\n<ul class=\"wp-block-list\">\n<li>Reducen el efecto de isla de calor en los grandes n\u00facleos urbanos.<\/li>\n\n\n\n<li>Retienen el polvo y sustancias contaminantes, adem\u00e1s de que filtran el 85% del aire, produciendo ox\u00edgeno.<\/li>\n\n\n\n<li>Pueden reducir hasta cinco grados de la temperatura interior de un edificio en verano y mantenerla en invierno.<\/li>\n\n\n\n<li>Sirven como aislantes, reduciendo hasta en 10 decibelios la contaminaci\u00f3n ac\u00fastica.<\/li>\n\n\n\n<li>Son perfectos para habilitar \u00e1reas en desuso. Otorgando un lugar de esparcimiento para las personas y de enriquecimiento visual.<\/li>\n\n\n\n<li>Act\u00faan positivamente sobre el sentido del humor de las personas y su calidad de vida, mejorando su rendimiento y reduci\u00e9ndoles malestares.<\/li>\n<\/ul>\n\n\n\n<h2 class=\"wp-block-heading\" id=\"consejos\"><strong>CONSEJOS<\/strong><\/h2>\n\n\n\n<p>Tener un jard\u00edn vertical es como tener uno convencional, tambi\u00e9n requiere de cuidados a los que hay que prestar atenci\u00f3n, por eso te dejamos los siguientes consejos:<\/p>\n\n\n\n<ul class=\"wp-block-list\">\n<li>No olvides regarlos y fertilizarlos con regularidad.<\/li>\n\n\n\n<li>Cuando sea necesario poda las plantas para que crezcan adecuadamente.<\/li>\n\n\n\n<li>No lo riegues en exceso para evitar la humedad en la pared detr\u00e1s del jard\u00edn. Puedes emplear una capa de pl\u00e1stico entre la pared y el jard\u00edn para prevenir esto.<\/li>\n\n\n\n<li>Lee las caracter\u00edsticas de las plantas que planeas tener en tu jard\u00edn y sigue sus instrucciones de riego, asegur\u00e1ndote de que sean las correctas para la estructura.<\/li>\n<\/ul>\n\n\n\n<p>Los jardines verticales se adaptan con facilidad a una gran variedad de espacios, tanto exteriores como interiores y brindan ese toque de frescura, color y vida que las personas necesitan.<\/p>","protected":false},"excerpt":{"rendered":"<p>En muchos pa\u00edses industrializados, se ha dado la tendencia de emplear jardines verticales en sus paisajes urbanos, no s\u00f3lo con fines est\u00e9ticos sino por los m\u00faltiples beneficios que estos traen para el ambiente y las personas. \u00bfQU\u00c9 SON? Los jardines verticales, tambi\u00e9n llamados muros verdes o fachadas vegetales son instalaciones cubiertas de plantas de diversas [&hellip;]<\/p>","protected":false},"author":8,"featured_media":5983,"comment_status":"open","ping_status":"closed","sticky":false,"template":"single-with-sidebar","format":"standard","meta":{"_breakdance_hide_in_design_set":false,"_breakdance_tags":"","footnotes":""},"categories":[3,6],"tags":[],"class_list":["post-5991","post","type-post","status-publish","format-standard","has-post-thumbnail","hentry","category-arquitectura","category-diseno-interior-y-exterior"],"_links":{"self":[{"href":"https:\/\/www.frasa.com.mx\/en\/wp-json\/wp\/v2\/posts\/5991","targetHints":{"allow":["GET"]}}],"collection":[{"href":"https:\/\/www.frasa.com.mx\/en\/wp-json\/wp\/v2\/posts"}],"about":[{"href":"https:\/\/www.frasa.com.mx\/en\/wp-json\/wp\/v2\/types\/post"}],"author":[{"embeddable":true,"href":"https:\/\/www.frasa.com.mx\/en\/wp-json\/wp\/v2\/users\/8"}],"replies":[{"embeddable":true,"href":"https:\/\/www.frasa.com.mx\/en\/wp-json\/wp\/v2\/comments?post=5991"}],"version-history":[{"count":0,"href":"https:\/\/www.frasa.com.mx\/en\/wp-json\/wp\/v2\/posts\/5991\/revisions"}],"wp:featuredmedia":[{"embeddable":true,"href":"https:\/\/www.frasa.com.mx\/en\/wp-json\/wp\/v2\/media\/5983"}],"wp:attachment":[{"href":"https:\/\/www.frasa.com.mx\/en\/wp-json\/wp\/v2\/media?parent=5991"}],"wp:term":[{"taxonomy":"category","embeddable":true,"href":"https:\/\/www.frasa.com.mx\/en\/wp-json\/wp\/v2\/categories?post=5991"},{"taxonomy":"post_tag","embeddable":true,"href":"https:\/\/www.frasa.com.mx\/en\/wp-json\/wp\/v2\/tags?post=5991"}],"curies":[{"name":"wp","href":"https:\/\/api.w.org\/{rel}","templated":true}]}}